{"id":2076,"date":"2026-04-21T18:11:17","date_gmt":"2026-04-21T18:11:17","guid":{"rendered":"https:\/\/mjetulain.com.ar\/?p=2076"},"modified":"2026-04-27T19:52:41","modified_gmt":"2026-04-27T19:52:41","slug":"comercio-exterior-argentina-2026-superavit","status":"publish","type":"post","link":"https:\/\/mjetulain.com.ar\/en\/comercio-exterior-argentina-2026-superavit\/","title":{"rendered":"Comercio exterior de bienes en Argentina: saldo positivo de la balanza al primer trimestre de 2026"},"content":{"rendered":"<div class=\"wp-block-uagb-image uagb-block-94851657 wp-block-uagb-image--layout-default wp-block-uagb-image--effect-static wp-block-uagb-image--align-none\"><figure class=\"wp-block-uagb-image__figure\"><img decoding=\"async\" srcset=\"https:\/\/mjetulain.com.ar\/wp-content\/uploads\/2026\/04\/Analisis-del-comercio-exterior-argentino-2026-saldo-positivo-y-nuevos-sectores-exportadores.webp ,https:\/\/mjetulain.com.ar\/wp-content\/uploads\/2026\/04\/Analisis-del-comercio-exterior-argentino-2026-saldo-positivo-y-nuevos-sectores-exportadores.webp 780w, https:\/\/mjetulain.com.ar\/wp-content\/uploads\/2026\/04\/Analisis-del-comercio-exterior-argentino-2026-saldo-positivo-y-nuevos-sectores-exportadores.webp 360w\" sizes=\"auto, (max-width: 480px) 150px\" src=\"https:\/\/mjetulain.com.ar\/wp-content\/uploads\/2026\/04\/Analisis-del-comercio-exterior-argentino-2026-saldo-positivo-y-nuevos-sectores-exportadores.webp\" alt=\"An\u00e1lisis del comercio exterior argentino 2026: saldo positivo y nuevos sectores exportadores\" class=\"uag-image-2074\" width=\"930\" height=\"525\" title=\"An\u00e1lisis del comercio exterior argentino 2026 saldo positivo y nuevos sectores exportadores\" loading=\"lazy\" role=\"img\"\/><\/figure><\/div>\n\n\n\n<p><\/p>\n\n\n\n<p><strong>Author:<\/strong> Dra. Mar\u00eda Jos\u00e9 Etulain S\u00f3rensen<br>Estratega en comercio internacional | Analista en Supply Chain | Expansi\u00f3n empresarial USA\u2013Argentina | Defensa comercial<br><strong>Fecha:<\/strong> 21 de abril de 2026<\/p>\n\n\n\n<h2 class=\"wp-block-heading\">Un super\u00e1vit comercial con cambios estructurales<\/h2>\n\n\n\n<p>El comercio exterior de bienes en Argentina muestra un saldo positivo en el primer trimestre de 2026. Sin embargo, detr\u00e1s de este resultado se observa un patr\u00f3n claro: energ\u00eda, agro y miner\u00eda impulsan las exportaciones, mientras la industria pierde peso relativo.<\/p>\n\n\n\n<h2 class=\"wp-block-heading\">Empleo y transformaci\u00f3n del mercado laboral<\/h2>\n\n\n\n<p>Al analizar el contexto general, surgen datos relevantes: en un pa\u00eds de 48 millones de habitantes, s\u00f3lo algo m\u00e1s de 1 de cada 10 argentinos cuenta con empleo privado formal. A su vez, contin\u00faan registr\u00e1ndose p\u00e9rdidas de puestos en sectores como industria, construcci\u00f3n y comercio.<\/p>\n\n\n\n<p>Este escenario impacta directamente en d\u00f3nde se generan las oportunidades laborales, especialmente para las nuevas generaciones.<\/p>\n\n\n\n<h2 class=\"wp-block-heading\">El crecimiento de los servicios basados en el conocimiento<\/h2>\n\n\n\n<p>En este contexto, emerge con fuerza un tercer camino que ya no es una promesa, sino una realidad consolidada.<\/p>\n\n\n\n<p>Los servicios basados en el conocimiento superaron los 285.000 empleos formales, generaron 9.000 nuevos puestos en el \u00faltimo a\u00f1o y el sector de software por s\u00ed solo emplea a m\u00e1s de 159.000 personas. Adem\u00e1s, en 2025 alcanzaron exportaciones cercanas a USD 9.600 millones, posicion\u00e1ndose como el tercer complejo exportador del pa\u00eds.<\/p>\n\n\n\n<p>Sin embargo, este fen\u00f3meno no se refleja en la balanza comercial de bienes, lo que limita la lectura tradicional del comercio exterior.<\/p>\n\n\n\n<h2 class=\"wp-block-heading\">Desaf\u00edos estrat\u00e9gicos para la econom\u00eda argentina<\/h2>\n\n\n\n<p>El desaf\u00edo no radica en elegir entre sectores, sino en construir una econom\u00eda m\u00e1s equilibrada, que permita el desarrollo de empleos formales y de mayor valor agregado, alineados con la demanda del mercado internacional.<\/p>\n\n\n\n<p>Para Argentina, una estrategia sostenible requiere fortalecer la educaci\u00f3n tecnol\u00f3gica y el desarrollo de habilidades vinculadas a la inteligencia artificial.<\/p>\n\n\n\n<h2 class=\"wp-block-heading\">Conclusi\u00f3n: presente y futuro del comercio exterior<\/h2>\n\n\n\n<p>El comercio exterior de bienes puede definir el presente econ\u00f3mico del pa\u00eds.<\/p>\n\n\n\n<p>Pero las decisiones estrat\u00e9gicas que hoy se adopten respecto al uso de los recursos y la formaci\u00f3n del capital humano ser\u00e1n determinantes para el futuro y el de las pr\u00f3ximas generaciones.<\/p>\n\n\n\n<hr class=\"wp-block-separator has-alpha-channel-opacity\"\/>\n\n\n\n<p><strong>\u00bfNecesit\u00e1s asesoramiento en comercio exterior o estrategia internacional?<\/strong><br>Contactanos en MJE Comercio Exterior para acompa\u00f1ar la toma de decisiones en un contexto global cada vez m\u00e1s din\u00e1mico.<\/p>\n\n\n\n<p><\/p>\n\n\n\n<div class=\"wp-block-uagb-buttons uagb-buttons__outer-wrap uagb-btn__default-btn uagb-btn-tablet__default-btn uagb-btn-mobile__default-btn uagb-block-7524bb55\"><div class=\"uagb-buttons__wrap uagb-buttons-layout-wrap\">\n<div class=\"wp-block-uagb-buttons-child uagb-buttons__outer-wrap uagb-block-6a8bead8 wp-block-button\"><div class=\"uagb-button__wrapper\"><a class=\"uagb-buttons-repeater wp-block-button__link\" aria-label=\"\" href=\"https:\/\/wa.me\/541127397087?text=Hola%2C%20me%20comunico%20desde%20la%20p%C3%A1gina%20de%20MJE%20para%20recibir%20asesor%C3%ADa%20en%20comercio%20exterior.\" rel=\"nofollow noopener\" target=\"_blank\" role=\"button\"><div class=\"uagb-button__link\">Solicitar asesoramiento<\/div><\/a><\/div><\/div>\n<\/div><\/div>","protected":false},"excerpt":{"rendered":"<p>Autora: Dra. Mar\u00eda Jos\u00e9 Etulain S\u00f3rensenEstratega en comercio internacional | Analista en Supply Chain | Expansi\u00f3n empresarial USA\u2013Argentina | Defensa [&hellip;]<\/p>\n","protected":false},"author":1,"featured_media":2074,"comment_status":"closed","ping_status":"closed","sticky":false,"template":"","format":"standard","meta":{"_uag_custom_page_level_css":"","site-sidebar-layout":"default","site-content-layout":"","ast-site-content-layout":"default","site-content-style":"default","site-sidebar-style":"default","ast-global-header-display":"","ast-banner-title-visibility":"","ast-main-header-display":"","ast-hfb-above-header-display":"","ast-hfb-below-header-display":"","ast-hfb-mobile-header-display":"","site-post-title":"","ast-breadcrumbs-content":"","ast-featured-img":"","footer-sml-layout":"","ast-disable-related-posts":"","theme-transparent-header-meta":"","adv-header-id-meta":"","stick-header-meta":"","header-above-stick-meta":"","header-main-stick-meta":"","header-below-stick-meta":"","astra-migrate-meta-layouts":"default","ast-page-background-enabled":"default","ast-page-background-meta":{"desktop":{"background-color":"var(--ast-global-color-5)","background-image":"","background-repeat":"repeat","background-position":"center center","background-size":"auto","background-attachment":"scroll","background-type":"","background-media":"","overlay-type":"","overlay-color":"","overlay-opacity":"","overlay-gradient":""},"tablet":{"background-color":"","background-image":"","background-repeat":"repeat","background-position":"center center","background-size":"auto","background-attachment":"scroll","background-type":"","background-media":"","overlay-type":"","overlay-color":"","overlay-opacity":"","overlay-gradient":""},"mobile":{"background-color":"","background-image":"","background-repeat":"repeat","background-position":"center center","background-size":"auto","background-attachment":"scroll","background-type":"","background-media":"","overlay-type":"","overlay-color":"","overlay-opacity":"","overlay-gradient":""}},"ast-content-background-meta":{"desktop":{"background-color":"var(--ast-global-color-4)","background-image":"","background-repeat":"repeat","background-position":"center center","background-size":"auto","background-attachment":"scroll","background-type":"","background-media":"","overlay-type":"","overlay-color":"","overlay-opacity":"","overlay-gradient":""},"tablet":{"background-color":"var(--ast-global-color-4)","background-image":"","background-repeat":"repeat","background-position":"center center","background-size":"auto","background-attachment":"scroll","background-type":"","background-media":"","overlay-type":"","overlay-color":"","overlay-opacity":"","overlay-gradient":""},"mobile":{"background-color":"var(--ast-global-color-4)","background-image":"","background-repeat":"repeat","background-position":"center center","background-size":"auto","background-attachment":"scroll","background-type":"","background-media":"","overlay-type":"","overlay-color":"","overlay-opacity":"","overlay-gradient":""}},"footnotes":""},"categories":[65],"tags":[106,107],"class_list":["post-2076","post","type-post","status-publish","format-standard","has-post-thumbnail","hentry","category-comercio-exterior","tag-balanza-comercial","tag-comercio-exterior-argentino"],"uagb_featured_image_src":{"full":["https:\/\/mjetulain.com.ar\/wp-content\/uploads\/2026\/04\/Analisis-del-comercio-exterior-argentino-2026-saldo-positivo-y-nuevos-sectores-exportadores.webp",930,525,false],"thumbnail":["https:\/\/mjetulain.com.ar\/wp-content\/uploads\/2026\/04\/Analisis-del-comercio-exterior-argentino-2026-saldo-positivo-y-nuevos-sectores-exportadores-150x150.webp",150,150,true],"medium":["https:\/\/mjetulain.com.ar\/wp-content\/uploads\/2026\/04\/Analisis-del-comercio-exterior-argentino-2026-saldo-positivo-y-nuevos-sectores-exportadores-300x169.webp",300,169,true],"medium_large":["https:\/\/mjetulain.com.ar\/wp-content\/uploads\/2026\/04\/Analisis-del-comercio-exterior-argentino-2026-saldo-positivo-y-nuevos-sectores-exportadores-768x434.webp",768,434,true],"large":["https:\/\/mjetulain.com.ar\/wp-content\/uploads\/2026\/04\/Analisis-del-comercio-exterior-argentino-2026-saldo-positivo-y-nuevos-sectores-exportadores.webp",930,525,false],"1536x1536":["https:\/\/mjetulain.com.ar\/wp-content\/uploads\/2026\/04\/Analisis-del-comercio-exterior-argentino-2026-saldo-positivo-y-nuevos-sectores-exportadores.webp",930,525,false],"2048x2048":["https:\/\/mjetulain.com.ar\/wp-content\/uploads\/2026\/04\/Analisis-del-comercio-exterior-argentino-2026-saldo-positivo-y-nuevos-sectores-exportadores.webp",930,525,false],"trp-custom-language-flag":["https:\/\/mjetulain.com.ar\/wp-content\/uploads\/2026\/04\/Analisis-del-comercio-exterior-argentino-2026-saldo-positivo-y-nuevos-sectores-exportadores-18x10.webp",18,10,true]},"uagb_author_info":{"display_name":"Dra. Mar\u00eda Jos\u00e9 Etulain S\u00f3rensen","author_link":"https:\/\/mjetulain.com.ar\/en\/author\/mjeadmin\/"},"uagb_comment_info":0,"uagb_excerpt":"Autora: Dra. Mar\u00eda Jos\u00e9 Etulain S\u00f3rensenEstratega en comercio internacional | Analista en Supply Chain | Expansi\u00f3n empresarial USA\u2013Argentina | Defensa [&hellip;]","_links":{"self":[{"href":"https:\/\/mjetulain.com.ar\/en\/wp-json\/wp\/v2\/posts\/2076","targetHints":{"allow":["GET"]}}],"collection":[{"href":"https:\/\/mjetulain.com.ar\/en\/wp-json\/wp\/v2\/posts"}],"about":[{"href":"https:\/\/mjetulain.com.ar\/en\/wp-json\/wp\/v2\/types\/post"}],"author":[{"embeddable":true,"href":"https:\/\/mjetulain.com.ar\/en\/wp-json\/wp\/v2\/users\/1"}],"replies":[{"embeddable":true,"href":"https:\/\/mjetulain.com.ar\/en\/wp-json\/wp\/v2\/comments?post=2076"}],"version-history":[{"count":3,"href":"https:\/\/mjetulain.com.ar\/en\/wp-json\/wp\/v2\/posts\/2076\/revisions"}],"predecessor-version":[{"id":2081,"href":"https:\/\/mjetulain.com.ar\/en\/wp-json\/wp\/v2\/posts\/2076\/revisions\/2081"}],"wp:featuredmedia":[{"embeddable":true,"href":"https:\/\/mjetulain.com.ar\/en\/wp-json\/wp\/v2\/media\/2074"}],"wp:attachment":[{"href":"https:\/\/mjetulain.com.ar\/en\/wp-json\/wp\/v2\/media?parent=2076"}],"wp:term":[{"taxonomy":"category","embeddable":true,"href":"https:\/\/mjetulain.com.ar\/en\/wp-json\/wp\/v2\/categories?post=2076"},{"taxonomy":"post_tag","embeddable":true,"href":"https:\/\/mjetulain.com.ar\/en\/wp-json\/wp\/v2\/tags?post=2076"}],"curies":[{"name":"wp","href":"https:\/\/api.w.org\/{rel}","templated":true}]}}